{"id":259,"date":"2021-11-09T22:00:34","date_gmt":"2021-11-10T02:00:34","guid":{"rendered":"http:\/\/lapostpandemia.com\/?p=259"},"modified":"2022-05-31T11:04:24","modified_gmt":"2022-05-31T15:04:24","slug":"el-trabajo-que-no-dio-la-pandemia-y-tambien-el-que-dio-de-mas","status":"publish","type":"post","link":"https:\/\/lapostpandemia.com\/index.php\/2021\/11\/09\/el-trabajo-que-no-dio-la-pandemia-y-tambien-el-que-dio-de-mas\/","title":{"rendered":"El trabajo que el virus dio, el virus lo quit\u00f3"},"content":{"rendered":"\n<h2>El confinamiento impact\u00f3 estructuras tradicionales de trabajo y gener\u00f3 nuevas formas de subsistencia <\/h2>\n\n\n\n<figure class=\"wp-block-embed is-type-video is-provider-youtube wp-block-embed-youtube wp-embed-aspect-16-9 wp-has-aspect-ratio\"><div class=\"wp-block-embed__wrapper\">\n<iframe title=\"Di\u00e1logos Post Pand\u00e9micos ||| Mon\u00f3logo Trabajo #ProfesorBrice\u00f1o\" width=\"696\" height=\"392\" src=\"https:\/\/www.youtube.com\/embed\/KbPVyxkz6oQ?feature=oembed\" frameborder=\"0\" allow=\"accelerometer; autoplay; clipboard-write; encrypted-media; gyroscope; picture-in-picture\" allowfullscreen><\/iframe>\n<\/div><figcaption>Mon\u00f3logo sobre el trabajo<\/figcaption><\/figure>\n\n\n\n<p class=\"has-drop-cap\">La Organizaci\u00f3n Internacional del Trabajo (OIT) public\u00f3 en un informe del a\u00f1o 2020 como <strong> solo en Latinoam\u00e9rica se perdieron unos 34 millones de empleos producto de la pandemia ocasionada por el COVID-19<\/strong>. En <strong>Estados Unidos<\/strong> esta cifra durante ese a\u00f1o oscil\u00f3 entre los <strong>4 millones de puestos de trabajo<\/strong> desvanecidos. No obstante, esta circunstancia impuls\u00f3 una nueva forma de trabajo que ya ven\u00eda esboz\u00e1ndose en el panorama laboral: el homeworking. <\/p>\n\n\n\n<figure class=\"wp-block-embed is-type-video is-provider-youtube wp-block-embed-youtube wp-embed-aspect-16-9 wp-has-aspect-ratio\"><div class=\"wp-block-embed__wrapper\">\n<iframe title=\"Trabajo en cifras\" width=\"696\" height=\"392\" src=\"https:\/\/www.youtube.com\/embed\/A9B19eamizY?feature=oembed\" frameborder=\"0\" allow=\"accelerometer; autoplay; clipboard-write; encrypted-media; gyroscope; picture-in-picture\" allowfullscreen><\/iframe>\n<\/div><figcaption>Las cifras del trabajo en pandemia<\/figcaption><\/figure>\n\n\n\n<p style=\"font-size:23px\"><strong>El reseteo global<\/strong><\/p>\n\n\n\n<p>Antes de la pandemia, los acuerdos multilaterales y los liderazgos del mundo se preparaban para mejorar las condiciones de vida en un plazo aproximado de 15 a\u00f1os. La <strong>Asamblea General de las Naciones Unidas<\/strong> del a\u00f1o 2015 estableci\u00f3 una serie de objetivos para un desarrollo sostenible de miras al 2030. All\u00ed destacan algunas metas quim\u00e9ricas como la erradicaci\u00f3n de la pobreza y el hambre, justamente a trav\u00e9s de la mejora de las condiciones que generan esas problem\u00e1ticas. La optimizaci\u00f3n de los sistemas de salud y educaci\u00f3n, la igualdad de g\u00e9nero y la garant\u00eda de empleos plenos y productivos, eran las metas para transformar la dura realidad.<\/p>\n\n\n\n<figure class=\"wp-block-image size-large\"><img loading=\"lazy\" width=\"899\" height=\"590\" src=\"http:\/\/lapostpandemia.com\/wp-content\/uploads\/2020\/11\/a8d978df64297c70206af5b8cff1edb2988e79f5w.jpg\" alt=\"\" class=\"wp-image-375\" srcset=\"https:\/\/lapostpandemia.com\/wp-content\/uploads\/2020\/11\/a8d978df64297c70206af5b8cff1edb2988e79f5w.jpg 899w, https:\/\/lapostpandemia.com\/wp-content\/uploads\/2020\/11\/a8d978df64297c70206af5b8cff1edb2988e79f5w-300x197.jpg 300w, https:\/\/lapostpandemia.com\/wp-content\/uploads\/2020\/11\/a8d978df64297c70206af5b8cff1edb2988e79f5w-768x504.jpg 768w, https:\/\/lapostpandemia.com\/wp-content\/uploads\/2020\/11\/a8d978df64297c70206af5b8cff1edb2988e79f5w-696x457.jpg 696w, https:\/\/lapostpandemia.com\/wp-content\/uploads\/2020\/11\/a8d978df64297c70206af5b8cff1edb2988e79f5w-640x420.jpg 640w, https:\/\/lapostpandemia.com\/wp-content\/uploads\/2020\/11\/a8d978df64297c70206af5b8cff1edb2988e79f5w-741x486.jpg 741w\" sizes=\"(max-width: 899px) 100vw, 899px\" \/><figcaption>El  ex presidente estadounidense, Donald Trump (abajo, centro), junto con otros l\u00edderes del Foro de Cooperaci\u00f3n Econ\u00f3mica Asia-Pac\u00edfico (APEC), durante la cumbre que acogi\u00f3 virtualmente a Malasia, en Kuala Lumpur en noviembre del 2020.  EFE\/ Fazry Ismail<\/figcaption><\/figure>\n\n\n\n<p>Por otra parte, expertos pronosticaban que con el avance de las nuevas tecnolog\u00edas aumentar\u00eda la disminuci\u00f3n de empleos a nivel mundial. Ese escenario cobr\u00f3 fuerza durante el a\u00f1o 20 y 21 en medio del teletrabajo, la virtualidad y la inteligencia artificial. La pandemia ha potenciado que los motores de la civilizaci\u00f3n se abran a dejar trabajo esencial en la mec\u00e1nica de robots. Sobre esta asunto, un estudio de Oxford Economics indic\u00f3 que gracias a la automatizaci\u00f3n, 20 millones de empleos de fabricaci\u00f3n global podr\u00edan desaparecer en el prometedor 2030.<\/p>\n\n\n\n<blockquote class=\"wp-block-quote\"><p><span style=\"color:#ce9e47\" class=\"has-inline-color\"><strong>\u201cSe ha generado un colapso fenomenal en los niveles de ocupaci\u00f3n en muchos pa\u00edses como: Per\u00fa, Colombia, Argentina<\/strong><\/span><span class=\"has-inline-color has-luminous-vivid-amber-color\"><strong>,<\/strong><\/span><span style=\"color:#cc980a\" class=\"has-inline-color\"><strong> M\u00e9xico (&#8230;) Algo inimaginable, una recesi\u00f3n gigantesca\u201d.<\/strong> Ricardo Hausmann. EConomista<\/span><\/p><\/blockquote>\n\n\n\n<p>Seg\u00fan otra investigaci\u00f3n de <strong>la <a href=\"https:\/\/www.research.ox.ac.uk\/area\/ai\">Universidad de Oxford,<\/a> el 47% de los empleos en el mundo entero est\u00e1n en riesgo de desaparecer como consecuencia del avance de la inteligencia artificial<\/strong>. No obstante, el Foro Econ\u00f3mico Mundial pronostic\u00f3 que si bien en cinco a\u00f1os se perder\u00e1n unos 85 millones de empleos -a causa de esa misma robotizaci\u00f3n del trabajo-, al mismo tiempo surgir\u00e1n 97 millones de nuevos espacios laborales.<\/p>\n\n\n\n<figure class=\"wp-block-image size-large\"><img loading=\"lazy\" width=\"900\" height=\"568\" src=\"http:\/\/lapostpandemia.com\/wp-content\/uploads\/2020\/11\/8011635413001w.jpg\" alt=\"\" class=\"wp-image-379\" srcset=\"https:\/\/lapostpandemia.com\/wp-content\/uploads\/2020\/11\/8011635413001w.jpg 900w, https:\/\/lapostpandemia.com\/wp-content\/uploads\/2020\/11\/8011635413001w-300x189.jpg 300w, https:\/\/lapostpandemia.com\/wp-content\/uploads\/2020\/11\/8011635413001w-768x485.jpg 768w, https:\/\/lapostpandemia.com\/wp-content\/uploads\/2020\/11\/8011635413001w-696x439.jpg 696w, https:\/\/lapostpandemia.com\/wp-content\/uploads\/2020\/11\/8011635413001w-665x420.jpg 665w\" sizes=\"(max-width: 900px) 100vw, 900px\" \/><figcaption>Los mesoneros robotizados incursionaron en agosto de 2019 en Bangladesh y su servicio empieza a popularizarse a partir de la pandemia EFE\/EPA\/JAGADEESH<\/figcaption><\/figure>\n\n\n\n<p style=\"font-size:23px\"><strong>Paralizaci\u00f3n forzada<\/strong><\/p>\n\n\n\n<p>La pandemia trajo consigo una clara paralizaci\u00f3n que fue escalando de regi\u00f3n en regi\u00f3n hasta que se hizo global. <strong>Estas medidas de inmovilizaci\u00f3n, como forma de prevenci\u00f3n para evitar contagios, afectaron a casi 2.700 millones de trabajadores<\/strong> (aproximadamente el 81% de la fuerza de trabajo mundial). De este n\u00famero, seg\u00fan la OIT,<strong> <\/strong>el 38% estaban empleados en sectores que afrontaron una grave ca\u00edda de la producci\u00f3n y un alto riesgo de desplazamiento de la fuerza de trabajo.<\/p>\n\n\n\n<figure class=\"wp-block-embed is-type-video is-provider-youtube wp-block-embed-youtube wp-embed-aspect-16-9 wp-has-aspect-ratio\"><div class=\"wp-block-embed__wrapper\">\n<iframe title=\"Di\u00e1logos Post-Pand\u00e9micos || Entrevista Ricardo Hausmann\" width=\"696\" height=\"392\" src=\"https:\/\/www.youtube.com\/embed\/LFsrXAuVMMs?feature=oembed\" frameborder=\"0\" allow=\"accelerometer; autoplay; clipboard-write; encrypted-media; gyroscope; picture-in-picture\" allowfullscreen><\/iframe>\n<\/div><\/figure>\n\n\n\n<p><strong>La tasa de desempleo promedio de Latinoam\u00e9rica, que a finales del 2019 era de 8,1%.<\/strong><\/p>\n\n\n\n<p>Seg\u00fan la <a href=\"http:\/\/scioteca.caf.com\/bitstream\/handle\/123456789\/1788\/La%20Pandemia%20del%20COVID-19%20en%20Am%c3%a9rica%20Latina_Impactos%20y%20perspectivas.pdf?sequence=4&amp;isAllowed=y\">Corporaci\u00f3n Andina de Fomento (CAF) <\/a>la pandemia trajo para Am\u00e9rica Latina una masiva p\u00e9rdida de empleos, que se estima fue de alrededor del 14 % para toda la regi\u00f3n entre febrero y junio de 2020, cercanos a los  32 millones de puestos de trabajo. En marzo de 2021, luego de un a\u00f1o de pandemia, a\u00fan se contabilizaron alrededor de 13 millones de empleos perdidos, es decir, una ca\u00edda del 6 % con respecto a febrero de 2020.<\/p>\n\n\n\n<p>Para el economista venezolano y director del Centro para el Desarrollo Internacional, <strong>Ricardo Hausmann<\/strong>,  la recesi\u00f3n post pand\u00e9mica es el sino de nuestro continente. <\/p>\n\n\n\n<p style=\"font-size:23px\"><strong>Los informales<\/strong><\/p>\n\n\n\n<p><\/p>\n\n\n\n<figure class=\"wp-block-image size-large is-resized\"><img loading=\"lazy\" src=\"http:\/\/lapostpandemia.com\/wp-content\/uploads\/2020\/11\/8011777036001w.jpg\" alt=\"\" class=\"wp-image-392\" width=\"899\" height=\"599\" srcset=\"https:\/\/lapostpandemia.com\/wp-content\/uploads\/2020\/11\/8011777036001w.jpg 900w, https:\/\/lapostpandemia.com\/wp-content\/uploads\/2020\/11\/8011777036001w-300x200.jpg 300w, https:\/\/lapostpandemia.com\/wp-content\/uploads\/2020\/11\/8011777036001w-768x512.jpg 768w, https:\/\/lapostpandemia.com\/wp-content\/uploads\/2020\/11\/8011777036001w-696x464.jpg 696w, https:\/\/lapostpandemia.com\/wp-content\/uploads\/2020\/11\/8011777036001w-630x420.jpg 630w\" sizes=\"(max-width: 899px) 100vw, 899px\" \/><figcaption>Desde el 2019, Costa Rica lucha contra el pesimismo econ\u00f3mico de su poblaci\u00f3n y el sector empresarial, en medio del deterioro de una serie de indicadores como el desempleo, la producci\u00f3n y las exportaciones, que coincidi\u00f3 con la aplicaci\u00f3n de una pol\u00e9mica reforma tributaria. EFE\/Jeffrey Arguedas<\/figcaption><\/figure>\n\n\n\n<p>La econom\u00eda informal es otra poblaci\u00f3n afectada por esta crisis mundial. Alrededor de<strong> 2.000 millones de personas trabajan de manera informal<\/strong>, y la mayor\u00eda de esta masa se encuentra en pa\u00edses emergentes o en desarrollo. Los trabajadores de este \u00e1mbito carecen de la protecci\u00f3n b\u00e1sica que los empleos del sector formal suelen ofrecer, incluida la cobertura de seguridad social.<\/p>\n\n\n\n<p>La OIT precis\u00f3 que aproximadamente 1.600 millones de trabajadores de la econom\u00eda informal (casi la mitad de la poblaci\u00f3n mundial activa) fueron afectados por la pandemia.<\/p>\n\n\n\n<figure class=\"wp-block-embed is-type-video is-provider-youtube wp-block-embed-youtube wp-embed-aspect-16-9 wp-has-aspect-ratio\"><div class=\"wp-block-embed__wrapper\">\n<iframe title=\"Di\u00e1logos Post-Pand\u00e9micos || Entrevista Jean Maninat\" width=\"696\" height=\"392\" src=\"https:\/\/www.youtube.com\/embed\/6c2c3hengo4?feature=oembed\" frameborder=\"0\" allow=\"accelerometer; autoplay; clipboard-write; encrypted-media; gyroscope; picture-in-picture\" allowfullscreen><\/iframe>\n<\/div><\/figure>\n\n\n\n<p>Para <strong>Jean Maninat<\/strong>, ex-director regional de la Organizaci\u00f3n Internacional del Trabajo para Am\u00e9rica Latina y el Caribe, nuestro promedio de trabajadores informales oscila entre 60% y 70%. Esta es fue poblaci\u00f3n m\u00e1s impactada por las medidas del confinamiento. \u00abEn un principio estas medidas funcionaron, pero al prolongarse en el tiempo, hicieron que la ciudadan\u00eda tuviese que escoger entre la enfermedad y el hambre\u00bb, concluye el consultor venezolano. <\/p>\n\n\n\n<p style=\"font-size:23px\"><strong>Teletrabajo:<\/strong> <strong>el futuro lleg\u00f3<\/strong><\/p>\n\n\n\n<figure class=\"wp-block-image size-large\"><img loading=\"lazy\" width=\"900\" height=\"651\" src=\"http:\/\/lapostpandemia.com\/wp-content\/uploads\/2020\/11\/fb56ff6845e23d64fcdf8e663954e462dccff8f5w.jpg\" alt=\"\" class=\"wp-image-397\" srcset=\"https:\/\/lapostpandemia.com\/wp-content\/uploads\/2020\/11\/fb56ff6845e23d64fcdf8e663954e462dccff8f5w.jpg 900w, https:\/\/lapostpandemia.com\/wp-content\/uploads\/2020\/11\/fb56ff6845e23d64fcdf8e663954e462dccff8f5w-300x217.jpg 300w, https:\/\/lapostpandemia.com\/wp-content\/uploads\/2020\/11\/fb56ff6845e23d64fcdf8e663954e462dccff8f5w-768x556.jpg 768w, https:\/\/lapostpandemia.com\/wp-content\/uploads\/2020\/11\/fb56ff6845e23d64fcdf8e663954e462dccff8f5w-696x503.jpg 696w, https:\/\/lapostpandemia.com\/wp-content\/uploads\/2020\/11\/fb56ff6845e23d64fcdf8e663954e462dccff8f5w-581x420.jpg 581w, https:\/\/lapostpandemia.com\/wp-content\/uploads\/2020\/11\/fb56ff6845e23d64fcdf8e663954e462dccff8f5w-324x235.jpg 324w, https:\/\/lapostpandemia.com\/wp-content\/uploads\/2020\/11\/fb56ff6845e23d64fcdf8e663954e462dccff8f5w-648x470.jpg 648w\" sizes=\"(max-width: 900px) 100vw, 900px\" \/><figcaption>Un informe del Deutsche Bank propone un impuesto del 5 % del salario de los teletrabajadores. EFE\/EPA\/DANIEL DAL ZENNARO<\/figcaption><\/figure>\n\n\n\n<p><strong>Uno de los fen\u00f3menos m\u00e1s significativos que ha dejado la pandemia es el trabajo a distancia o teletrabajo<\/strong>, como alternativa inmediata para mantener empleos, continuar la generaci\u00f3n de ingresos y evitar el sedentarismo improductivo.<\/p>\n\n\n\n<p>Esta din\u00e1mica laboral que operaba minoritariamente, modific\u00f3 rutinas corporativas y <strong>agreg\u00f3 m\u00e1s horas de trabajo y en muchos casos falta de concentraci\u00f3n<\/strong>. El teletrabajo tambi\u00e9n rompi\u00f3 con las fronteras entre horarios de oficinas y el descanso, acumulando horas hombre frente a la pantalla. <\/p>\n\n\n\n<p>En relaci\u00f3n a los sacrificios que se hacen para mantener el teletrabajo, la OIT ha sugerido elaborar reglamentos&nbsp;sobre este formato que puedan incluir una flexibilidad en los horarios y reembolso de los gastos que realizan los empleados.<\/p>\n\n\n\n<p>Como ejemplo de esto, la legislaci\u00f3n peruana ha prorrog\u00f3 la modalidad del trabajo remoto hasta el 31 de julio de 2021, y estableci\u00f3 <strong>el derecho de los trabajadores a la desconexi\u00f3n digital<\/strong>. Esto permiti\u00f3 cierta flexibilidad para los empleados, y pretendi\u00f3 evitar su saturaci\u00f3n. Entre tanto, <strong>Espa\u00f1a aprob\u00f3 la ley para la regulaci\u00f3n del teletrabajo concluyendo que el teletrabajo es voluntario, reversible y la empresa debe cubrir todos los gastos asociados<\/strong>. Adem\u00e1s de esto, se garantizan los mismos derechos y deberes que el resto de los trabajadores presenciales.<\/p>\n\n\n\n<figure class=\"wp-block-image size-large\"><img loading=\"lazy\" width=\"900\" height=\"600\" src=\"http:\/\/lapostpandemia.com\/wp-content\/uploads\/2020\/11\/8012832000001w.jpg\" alt=\"\" class=\"wp-image-400\" srcset=\"https:\/\/lapostpandemia.com\/wp-content\/uploads\/2020\/11\/8012832000001w.jpg 900w, https:\/\/lapostpandemia.com\/wp-content\/uploads\/2020\/11\/8012832000001w-300x200.jpg 300w, https:\/\/lapostpandemia.com\/wp-content\/uploads\/2020\/11\/8012832000001w-768x512.jpg 768w, https:\/\/lapostpandemia.com\/wp-content\/uploads\/2020\/11\/8012832000001w-696x464.jpg 696w, https:\/\/lapostpandemia.com\/wp-content\/uploads\/2020\/11\/8012832000001w-630x420.jpg 630w\" sizes=\"(max-width: 900px) 100vw, 900px\" \/><figcaption>Estudiantes del nivel b\u00e1sico escolar de Indonesia reciben clases a distancia, enmarcados en la medida para disminuir los contagios EFE\/EPA\/HOTLI SIMANJUNTAK.<\/figcaption><\/figure>\n\n\n\n<p>Por otro lado, el teletrabajo ha funcionado para que las personas le den valor a sus oficios y los empleadores valor a sus dependientes. Y as\u00ed como se ha presentado esto, tambi\u00e9n se han abierto nuevas posibilidades de trabajo, que no necesariamente tienen que encontrarse en el entorno m\u00e1s cercano. Al respecto, el economista venezolano, <strong>Ricardo Haussman<\/strong>, expres\u00f3:<\/p>\n\n\n\n<blockquote class=\"wp-block-quote\"><p><strong><span class=\"has-inline-color has-luminous-vivid-amber-color\">\u201cTODAS LAS COSAS QUE SE PUEDEN HACER DESDE CASA, EN TEOR\u00cdA, SE PUEDEN HACER DESDE EL EXTERIOR\u201d.RICARDO HAUSMANN<\/span><\/strong><\/p><\/blockquote>\n\n\n\n<p style=\"font-size:23px\"><strong>\u00bfY los desconectados?<\/strong><\/p>\n\n\n\n<figure class=\"wp-block-image size-large\"><img loading=\"lazy\" width=\"900\" height=\"675\" src=\"http:\/\/lapostpandemia.com\/wp-content\/uploads\/2020\/11\/d0e9d9e0f842d89e60fa4beada592edb607075b7w.jpg\" alt=\"\" class=\"wp-image-401\" srcset=\"https:\/\/lapostpandemia.com\/wp-content\/uploads\/2020\/11\/d0e9d9e0f842d89e60fa4beada592edb607075b7w.jpg 900w, https:\/\/lapostpandemia.com\/wp-content\/uploads\/2020\/11\/d0e9d9e0f842d89e60fa4beada592edb607075b7w-300x225.jpg 300w, https:\/\/lapostpandemia.com\/wp-content\/uploads\/2020\/11\/d0e9d9e0f842d89e60fa4beada592edb607075b7w-768x576.jpg 768w, https:\/\/lapostpandemia.com\/wp-content\/uploads\/2020\/11\/d0e9d9e0f842d89e60fa4beada592edb607075b7w-696x522.jpg 696w, https:\/\/lapostpandemia.com\/wp-content\/uploads\/2020\/11\/d0e9d9e0f842d89e60fa4beada592edb607075b7w-560x420.jpg 560w, https:\/\/lapostpandemia.com\/wp-content\/uploads\/2020\/11\/d0e9d9e0f842d89e60fa4beada592edb607075b7w-80x60.jpg 80w, https:\/\/lapostpandemia.com\/wp-content\/uploads\/2020\/11\/d0e9d9e0f842d89e60fa4beada592edb607075b7w-160x120.jpg 160w, https:\/\/lapostpandemia.com\/wp-content\/uploads\/2020\/11\/d0e9d9e0f842d89e60fa4beada592edb607075b7w-265x198.jpg 265w\" sizes=\"(max-width: 900px) 100vw, 900px\" \/><figcaption><em>Mujeres sordomudas confeccionan mascarillas dentro del taller Mulieris en Anderlecht (B\u00e9lgica), dentro de una comunidad que elabora mascarillas transparentes. EFE\/ Mar\u00eda Moya.<\/em><\/figcaption><\/figure>\n\n\n\n<p><strong>Qu\u00e9 sucede en las naciones con d\u00e9ficit de acceso a internet o con las personas incapacitadas para el teletrabajo<\/strong>. Un informe de la Comisi\u00f3n Econ\u00f3mica para Am\u00e9rica Latina y el Caribe (CEPAL), asegura que entre el primer y segundo trimestre de 2020, el tr\u00e1fico en sitios web y el uso de aplicaciones relacionadas con el teletrabajo aument\u00f3 324% en el mundo entero. No obstante, s\u00f3lo 76% de los empleados pudieron trabajar desde sus casas. Las posibilidades de teletrabajo en Latinoam\u00e9rica y el Caribe eran del 22% para el 2020.<\/p>\n\n\n\n<p>Seg\u00fan datos de<strong> Rosal\u00eda Arteaga<\/strong>, ex presidenta, <strong>ex vicepresidenta de Ecuador y abogado<\/strong>, solo el 17% de los habitantes de poblaciones urbanas y rurales tienen conectividad. \u201cEn pa\u00edses como el m\u00edo, la penetraci\u00f3n de los celulares es alt\u00edsima. Pr\u00e1cticamente la proporci\u00f3n es que hay dos celulares por cada persona, es decir, si somos casi 18 millones de habitantes en el Ecuador, estamos hablando de 36 millones de celulares, pero \u00bfqu\u00e9 clase de celulares son?. Generalmente no admiten la resoluci\u00f3n suficiente para ingresar a ciertas plataformas\u201d, advierte la tambi\u00e9n y ex ministra de educaci\u00f3n, cultura y deportes de ese pa\u00eds.<\/p>\n\n\n\n<figure class=\"wp-block-embed is-type-video is-provider-youtube wp-block-embed-youtube wp-embed-aspect-16-9 wp-has-aspect-ratio\"><div class=\"wp-block-embed__wrapper\">\n<iframe title=\"Di\u00e1logos Post-Pand\u00e9micos || Entrevista Rosal\u00eda Arteaga\" width=\"696\" height=\"392\" src=\"https:\/\/www.youtube.com\/embed\/o-Oc3Gm0TLg?feature=oembed\" frameborder=\"0\" allow=\"accelerometer; autoplay; clipboard-write; encrypted-media; gyroscope; picture-in-picture\" allowfullscreen><\/iframe>\n<\/div><\/figure>\n\n\n\n<p>Adem\u00e1s, la activista social y comunicadora ecuatoriana, destac\u00f3 su visi\u00f3n sobre el cambio de paradigmas y esquemas que resignifican el trabajo a partir de la pandemia: \u201cHe estado acostumbrada a viajar dos o tres veces al mes fuera del pa\u00eds, o por lo menos recorriendo el ecuador y ahorita estoy aqu\u00ed estacionada en mi casa desde el mes de marzo, por eso siento que mi vida va a cambiar, con eventos y conferencias internacionales es m\u00e1s f\u00e1cil darlas a trav\u00e9s de estos sistemas y plataformas digitales\u201d.<\/p>\n\n\n\n<blockquote class=\"wp-block-quote\"><p>&nbsp;<span style=\"color:#d8aa55\" class=\"has-inline-color\"><strong>\u201cLa pandemia se ha prestado tambi\u00e9n para los abusos, por la tendencia del ser humano para aprovecharse de las situaciones\u201d<\/strong>.<\/span><span style=\"color:#b88b0f\" class=\"has-inline-color\">Jean Maninat<\/span><\/p><\/blockquote>\n\n\n\n<p>En el mismo orden de ideas, a juicio de<strong> Maninat<\/strong>, el teletrabajo ven\u00eda incorpor\u00e1ndose al mundo laboral junto al avance de las nuevas tecnolog\u00edas, sin regulaci\u00f3n y con la ambig\u00fcedad que degeneran en irregularidades. \u00abTodo indica que el teletrabajo lleg\u00f3 para quedarse. Las grandes empresas y los l\u00edderes de algunas naciones buscan la manera de establecer esto como una forma laboral viable y rentable. Un ejemplo de esto ha sido Amazon, que prolong\u00f3 el sistema de trabajo remoto por un a\u00f1o m\u00e1s\u00bb, destac\u00f3 el experto en pol\u00edticas laborales.<\/p>\n\n\n\n<p>Los cambios en los planos pol\u00edticos, sociales, econ\u00f3micos, y en pol\u00edticas p\u00fablicas han sido notables. A juicio de <strong>Arteaga<\/strong>, \u00abuna, o m\u00e1s de una generaci\u00f3n, queda marcada\u00bb. Hasta la propia naturaleza ha demostrado el impacto de la ausencia de los seres humanos en distintos campos del h\u00e1bitat que comparte con otras especies. Las preocupaciones ahora siguen enfocadas en la inmediatez y en la generaci\u00f3n de \u00e1mbitos laborales sostenibles, donde se creen rutinas novedosas que afecten lo menos posible la sociabilidad necesaria para desarrollar los objetivos que buscan un mundo menos dist\u00f3pico. <\/p>\n","protected":false},"excerpt":{"rendered":"<p>El confinamiento impact\u00f3 estructuras tradicionales de trabajo y gener\u00f3 nuevas formas de subsistencia La Organizaci\u00f3n Internacional del Trabajo (OIT) public\u00f3 en un informe del a\u00f1o 2020 como solo en Latinoam\u00e9rica se perdieron unos 34 millones de empleos producto de la pandemia ocasionada por el COVID-19. En Estados Unidos esta cifra durante ese a\u00f1o oscil\u00f3 entre [&hellip;]<\/p>\n","protected":false},"author":8,"featured_media":266,"comment_status":"open","ping_status":"open","sticky":false,"template":"","format":"standard","meta":[],"categories":[3],"tags":[11,31,8,21],"_links":{"self":[{"href":"https:\/\/lapostpandemia.com\/index.php\/wp-json\/wp\/v2\/posts\/259"}],"collection":[{"href":"https:\/\/lapostpandemia.com\/index.php\/wp-json\/wp\/v2\/posts"}],"about":[{"href":"https:\/\/lapostpandemia.com\/index.php\/wp-json\/wp\/v2\/types\/post"}],"author":[{"embeddable":true,"href":"https:\/\/lapostpandemia.com\/index.php\/wp-json\/wp\/v2\/users\/8"}],"replies":[{"embeddable":true,"href":"https:\/\/lapostpandemia.com\/index.php\/wp-json\/wp\/v2\/comments?post=259"}],"version-history":[{"count":21,"href":"https:\/\/lapostpandemia.com\/index.php\/wp-json\/wp\/v2\/posts\/259\/revisions"}],"predecessor-version":[{"id":979,"href":"https:\/\/lapostpandemia.com\/index.php\/wp-json\/wp\/v2\/posts\/259\/revisions\/979"}],"wp:featuredmedia":[{"embeddable":true,"href":"https:\/\/lapostpandemia.com\/index.php\/wp-json\/wp\/v2\/media\/266"}],"wp:attachment":[{"href":"https:\/\/lapostpandemia.com\/index.php\/wp-json\/wp\/v2\/media?parent=259"}],"wp:term":[{"taxonomy":"category","embeddable":true,"href":"https:\/\/lapostpandemia.com\/index.php\/wp-json\/wp\/v2\/categories?post=259"},{"taxonomy":"post_tag","embeddable":true,"href":"https:\/\/lapostpandemia.com\/index.php\/wp-json\/wp\/v2\/tags?post=259"}],"curies":[{"name":"wp","href":"https:\/\/api.w.org\/{rel}","templated":true}]}}