{"id":509,"date":"2021-10-03T17:21:46","date_gmt":"2021-10-03T21:21:46","guid":{"rendered":"http:\/\/lapostpandemia.com\/?p=509"},"modified":"2022-05-18T16:18:56","modified_gmt":"2022-05-18T20:18:56","slug":"hasta-los-solteros-empezaron-a-lavar-sus-verduras","status":"publish","type":"post","link":"https:\/\/lapostpandemia.com\/index.php\/2021\/10\/03\/hasta-los-solteros-empezaron-a-lavar-sus-verduras\/","title":{"rendered":"\u00a1Hasta los solteros empezaron a lavar sus verduras!"},"content":{"rendered":"\n<h5>\u00abComer afecta nuestra cultura, nuestra econom\u00eda, nuestras relaciones internacionales y sociales a niveles tan b\u00e1sicos que cabe la pregunta de si podremos con todo lo que esto implica\u00bb<\/h5>\n\n\n\n<p>  Jos\u00e9 Rafael Brice\u00f1o. <\/p>\n\n\n\n<figure class=\"wp-block-embed is-type-video is-provider-youtube wp-block-embed-youtube wp-embed-aspect-16-9 wp-has-aspect-ratio\"><div class=\"wp-block-embed__wrapper\">\n<iframe title=\"Di\u00e1logos Post Pand\u00e9micos ||| Mon\u00f3logo Alimentaci\u00f3n #ProfesorBrice\u00f1o\" width=\"696\" height=\"392\" src=\"https:\/\/www.youtube.com\/embed\/mRp2orGvO-M?feature=oembed\" frameborder=\"0\" allow=\"accelerometer; autoplay; clipboard-write; encrypted-media; gyroscope; picture-in-picture\" allowfullscreen><\/iframe>\n<\/div><figcaption>MON\u00d3LOGO DEL PROFESOR JOS\u00c9 RAFA\u00c9L BRICE\u00d1O. JUNIO 2020.<\/figcaption><\/figure>\n","protected":false},"excerpt":{"rendered":"<p>\u00abComer afecta nuestra cultura, nuestra econom\u00eda, nuestras relaciones internacionales y sociales a niveles tan b\u00e1sicos que cabe la pregunta de si podremos con todo lo que esto implica\u00bb Jos\u00e9 Rafael Brice\u00f1o.<\/p>\n","protected":false},"author":9,"featured_media":513,"comment_status":"open","ping_status":"open","sticky":true,"template":"","format":"standard","meta":[],"categories":[6],"tags":[],"_links":{"self":[{"href":"https:\/\/lapostpandemia.com\/index.php\/wp-json\/wp\/v2\/posts\/509"}],"collection":[{"href":"https:\/\/lapostpandemia.com\/index.php\/wp-json\/wp\/v2\/posts"}],"about":[{"href":"https:\/\/lapostpandemia.com\/index.php\/wp-json\/wp\/v2\/types\/post"}],"author":[{"embeddable":true,"href":"https:\/\/lapostpandemia.com\/index.php\/wp-json\/wp\/v2\/users\/9"}],"replies":[{"embeddable":true,"href":"https:\/\/lapostpandemia.com\/index.php\/wp-json\/wp\/v2\/comments?post=509"}],"version-history":[{"count":5,"href":"https:\/\/lapostpandemia.com\/index.php\/wp-json\/wp\/v2\/posts\/509\/revisions"}],"predecessor-version":[{"id":871,"href":"https:\/\/lapostpandemia.com\/index.php\/wp-json\/wp\/v2\/posts\/509\/revisions\/871"}],"wp:featuredmedia":[{"embeddable":true,"href":"https:\/\/lapostpandemia.com\/index.php\/wp-json\/wp\/v2\/media\/513"}],"wp:attachment":[{"href":"https:\/\/lapostpandemia.com\/index.php\/wp-json\/wp\/v2\/media?parent=509"}],"wp:term":[{"taxonomy":"category","embeddable":true,"href":"https:\/\/lapostpandemia.com\/index.php\/wp-json\/wp\/v2\/categories?post=509"},{"taxonomy":"post_tag","embeddable":true,"href":"https:\/\/lapostpandemia.com\/index.php\/wp-json\/wp\/v2\/tags?post=509"}],"curies":[{"name":"wp","href":"https:\/\/api.w.org\/{rel}","templated":true}]}}