{"id":56,"date":"2021-10-07T20:38:46","date_gmt":"2021-10-08T00:38:46","guid":{"rendered":"http:\/\/lapostpandemia.com\/?p=56"},"modified":"2022-06-01T15:20:22","modified_gmt":"2022-06-01T19:20:22","slug":"dialogos-pandemicos-covid-19-coronavirus","status":"publish","type":"post","link":"https:\/\/lapostpandemia.com\/index.php\/2021\/10\/07\/dialogos-pandemicos-covid-19-coronavirus\/","title":{"rendered":"Di\u00e1logos post pand\u00e9micos: de los espacios cerrados, al miedo abierto"},"content":{"rendered":"\n<figure class=\"wp-block-image size-large\"><img loading=\"lazy\" width=\"675\" height=\"1080\" src=\"http:\/\/lapostpandemia.com\/wp-content\/uploads\/2020\/11\/WhatsApp-Image-2020-09-24-at-11.41.32-AM-edited.jpeg\" alt=\"\" class=\"wp-image-305\" srcset=\"https:\/\/lapostpandemia.com\/wp-content\/uploads\/2020\/11\/WhatsApp-Image-2020-09-24-at-11.41.32-AM-edited.jpeg 675w, https:\/\/lapostpandemia.com\/wp-content\/uploads\/2020\/11\/WhatsApp-Image-2020-09-24-at-11.41.32-AM-edited-188x300.jpeg 188w, https:\/\/lapostpandemia.com\/wp-content\/uploads\/2020\/11\/WhatsApp-Image-2020-09-24-at-11.41.32-AM-edited-640x1024.jpeg 640w, https:\/\/lapostpandemia.com\/wp-content\/uploads\/2020\/11\/WhatsApp-Image-2020-09-24-at-11.41.32-AM-edited-263x420.jpeg 263w, https:\/\/lapostpandemia.com\/wp-content\/uploads\/2020\/11\/WhatsApp-Image-2020-09-24-at-11.41.32-AM-edited-525x840.jpeg 525w\" sizes=\"(max-width: 675px) 100vw, 675px\" \/><figcaption>Este espacio inici\u00f3 su preproducci\u00f3n en junio de 2020, integrando diversos equipos de Uni\u00f3n Radio a una plataforma transmedia.  <\/figcaption><\/figure>\n\n\n\n<p class=\"has-drop-cap\">Durante casi dos a\u00f1os, y desde nuestros confinamientos, todos gestamos un nuevo mundo. Quiz\u00e1s el fen\u00f3meno tambi\u00e9n creo un clima de esperanza en torno a una \u00abnueva normalidad\u00bb. Sin embargo, la realidad super\u00f3 a cualquier pel\u00edcula dist\u00f3pica. El mundo se nos convirti\u00f3 en una serie de espacios cerrados y mascarillas, infundidos por el miedo a la muerte. Un sentimiento global que apenas comienza a ver otra luz. <a href=\"https:\/\/twitter.com\/DPandemicos\">En Di\u00e1logos post pand\u00e9micos<\/a> abordamos la experiencia en pret\u00e9rito, a pesar de que el tapabocas todav\u00eda sea norma.<\/p>\n\n\n\n<p>Di\u00e1logos Post Pand\u00e9micos es un espacio period\u00edstico en la b\u00fasqueda de comprender lo que nos ha sucedido. Un proyecto transmedia y transg\u00e9nero que interpreta la realidad con necesario humor. El periodista, humorista y profesor <a href=\"https:\/\/twitter.com\/profesorbriceno\">Jos\u00e9 Rafael Brice\u00f1o<\/a>,junto a la periodista, profesora y editora <a href=\"http:\/\/@laparraga\">Mar\u00eda Isabel P\u00e1rraga<\/a>, conjugan una ventana llena de presente con luces sobre el futuro que ya nos alcanz\u00f3.<\/p>\n\n\n\n<p>A trav\u00e9s de esta web, el formato auditivo del podcast y la narrativa audiovisual confluyen para lograr exponer una investigaci\u00f3n panor\u00e1mica y t\u00e9cnica. Pero tambi\u00e9n hacemos una apuesta por \u00abperiodismo perform\u00e1tico\u00bb en clave de mon\u00f3logo. As\u00ed conjugamos y jugamos con los g\u00e9neros. Desde la entrevista a la cr\u00f3nica. De la noticia que nos revolvi\u00f3 las emociones a los n\u00fameros que efectivamente nos cambiaron la vida.<\/p>\n\n\n\n<p>Este trabajo arranc\u00f3 en plena pandemia y en confinamiento (fotos adjuntas). As\u00ed se aliment\u00f3 durante las distintas olas hasta la llegada de las vacunas. En <strong><em>Uni\u00f3n Radio<\/em> <\/strong>identificamos la necesidad de entender la huella que ha dejado el Covid-19 en la humanidad. El espacio cont\u00f3 con el compromiso y apoyo de un equipo multidisciplinario en el que participaron talentos especializados en producci\u00f3n, infograf\u00eda, edici\u00f3n para radio y TV, as\u00ed como la mejor curadur\u00eda en t\u00e9rminos de direcci\u00f3n fotogr\u00e1fica, y que tras m\u00faltiples mesas de trabajo seleccionaron los contenidos para el mejor abordaje posible del tema. En fin, un laboratorio de periodismo.<\/p>\n\n\n\n<figure class=\"wp-block-gallery columns-3 is-cropped\"><ul class=\"blocks-gallery-grid\"><li class=\"blocks-gallery-item\"><figure><img loading=\"lazy\" width=\"1024\" height=\"640\" src=\"https:\/\/lapostpandemia.com\/wp-content\/uploads\/2022\/06\/Captura-de-Pantalla-2020-05-27-a-las-2.41.42-p.-m.-1024x640.png\" alt=\"\" data-id=\"985\" class=\"wp-image-985\" srcset=\"https:\/\/lapostpandemia.com\/wp-content\/uploads\/2022\/06\/Captura-de-Pantalla-2020-05-27-a-las-2.41.42-p.-m.-1024x640.png 1024w, https:\/\/lapostpandemia.com\/wp-content\/uploads\/2022\/06\/Captura-de-Pantalla-2020-05-27-a-las-2.41.42-p.-m.-300x188.png 300w, https:\/\/lapostpandemia.com\/wp-content\/uploads\/2022\/06\/Captura-de-Pantalla-2020-05-27-a-las-2.41.42-p.-m.-768x480.png 768w, https:\/\/lapostpandemia.com\/wp-content\/uploads\/2022\/06\/Captura-de-Pantalla-2020-05-27-a-las-2.41.42-p.-m.-696x435.png 696w, https:\/\/lapostpandemia.com\/wp-content\/uploads\/2022\/06\/Captura-de-Pantalla-2020-05-27-a-las-2.41.42-p.-m.-1068x668.png 1068w, https:\/\/lapostpandemia.com\/wp-content\/uploads\/2022\/06\/Captura-de-Pantalla-2020-05-27-a-las-2.41.42-p.-m.-672x420.png 672w, https:\/\/lapostpandemia.com\/wp-content\/uploads\/2022\/06\/Captura-de-Pantalla-2020-05-27-a-las-2.41.42-p.-m.-1344x840.png 1344w, https:\/\/lapostpandemia.com\/wp-content\/uploads\/2022\/06\/Captura-de-Pantalla-2020-05-27-a-las-2.41.42-p.-m..png 1440w\" sizes=\"(max-width: 1024px) 100vw, 1024px\" \/><\/figure><\/li><li class=\"blocks-gallery-item\"><figure><img loading=\"lazy\" width=\"1024\" height=\"640\" src=\"https:\/\/lapostpandemia.com\/wp-content\/uploads\/2022\/06\/Captura-de-Pantalla-2020-10-28-a-las-10.51.26-a.-m.-1024x640.png\" alt=\"\" data-id=\"987\" data-link=\"https:\/\/lapostpandemia.com\/index.php\/2021\/10\/07\/dialogos-pandemicos-covid-19-coronavirus\/captura-de-pantalla-2020-10-28-a-las-10-51-26-a-m\/\" class=\"wp-image-987\" srcset=\"https:\/\/lapostpandemia.com\/wp-content\/uploads\/2022\/06\/Captura-de-Pantalla-2020-10-28-a-las-10.51.26-a.-m.-1024x640.png 1024w, https:\/\/lapostpandemia.com\/wp-content\/uploads\/2022\/06\/Captura-de-Pantalla-2020-10-28-a-las-10.51.26-a.-m.-300x188.png 300w, https:\/\/lapostpandemia.com\/wp-content\/uploads\/2022\/06\/Captura-de-Pantalla-2020-10-28-a-las-10.51.26-a.-m.-768x480.png 768w, https:\/\/lapostpandemia.com\/wp-content\/uploads\/2022\/06\/Captura-de-Pantalla-2020-10-28-a-las-10.51.26-a.-m.-696x435.png 696w, https:\/\/lapostpandemia.com\/wp-content\/uploads\/2022\/06\/Captura-de-Pantalla-2020-10-28-a-las-10.51.26-a.-m.-1068x668.png 1068w, https:\/\/lapostpandemia.com\/wp-content\/uploads\/2022\/06\/Captura-de-Pantalla-2020-10-28-a-las-10.51.26-a.-m.-672x420.png 672w, https:\/\/lapostpandemia.com\/wp-content\/uploads\/2022\/06\/Captura-de-Pantalla-2020-10-28-a-las-10.51.26-a.-m.-1344x840.png 1344w, https:\/\/lapostpandemia.com\/wp-content\/uploads\/2022\/06\/Captura-de-Pantalla-2020-10-28-a-las-10.51.26-a.-m..png 1440w\" sizes=\"(max-width: 1024px) 100vw, 1024px\" \/><\/figure><\/li><li class=\"blocks-gallery-item\"><figure><img loading=\"lazy\" width=\"1024\" height=\"640\" src=\"https:\/\/lapostpandemia.com\/wp-content\/uploads\/2022\/06\/Captura-de-Pantalla-2020-06-02-a-las-11.58.11-a.-m.-1024x640.png\" alt=\"\" data-id=\"988\" data-full-url=\"https:\/\/lapostpandemia.com\/wp-content\/uploads\/2022\/06\/Captura-de-Pantalla-2020-06-02-a-las-11.58.11-a.-m..png\" data-link=\"https:\/\/lapostpandemia.com\/index.php\/2021\/10\/07\/dialogos-pandemicos-covid-19-coronavirus\/captura-de-pantalla-2020-06-02-a-las-11-58-11-a-m\/\" class=\"wp-image-988\" srcset=\"https:\/\/lapostpandemia.com\/wp-content\/uploads\/2022\/06\/Captura-de-Pantalla-2020-06-02-a-las-11.58.11-a.-m.-1024x640.png 1024w, https:\/\/lapostpandemia.com\/wp-content\/uploads\/2022\/06\/Captura-de-Pantalla-2020-06-02-a-las-11.58.11-a.-m.-300x188.png 300w, https:\/\/lapostpandemia.com\/wp-content\/uploads\/2022\/06\/Captura-de-Pantalla-2020-06-02-a-las-11.58.11-a.-m.-768x480.png 768w, https:\/\/lapostpandemia.com\/wp-content\/uploads\/2022\/06\/Captura-de-Pantalla-2020-06-02-a-las-11.58.11-a.-m.-696x435.png 696w, https:\/\/lapostpandemia.com\/wp-content\/uploads\/2022\/06\/Captura-de-Pantalla-2020-06-02-a-las-11.58.11-a.-m.-1068x668.png 1068w, https:\/\/lapostpandemia.com\/wp-content\/uploads\/2022\/06\/Captura-de-Pantalla-2020-06-02-a-las-11.58.11-a.-m.-672x420.png 672w, https:\/\/lapostpandemia.com\/wp-content\/uploads\/2022\/06\/Captura-de-Pantalla-2020-06-02-a-las-11.58.11-a.-m.-1344x840.png 1344w, https:\/\/lapostpandemia.com\/wp-content\/uploads\/2022\/06\/Captura-de-Pantalla-2020-06-02-a-las-11.58.11-a.-m..png 1440w\" sizes=\"(max-width: 1024px) 100vw, 1024px\" \/><\/figure><\/li><\/ul><\/figure>\n\n\n\n<p>El resultado nos condujo a poner la lupa sobre los tres \u00e1mbitos esenciales de la vida: <strong>la alimentaci\u00f3n, el trabajo y el goce.<\/strong> Sobre esos tres ejes transversales discurre nuestro an\u00e1lisis, con interesantes preguntas, profec\u00edas consumadas y puntos suspensivos.<\/p>\n\n\n\n<p>Hoy la discusi\u00f3n sigue abierta, con un proceso de vacunaci\u00f3n avanzado en la mayor\u00eda de los pa\u00edses y la reaparici\u00f3n de focos de infecci\u00f3n en ciudades, algunas con pol\u00edticas de confinamiento catalogadas como \u00abcuarentenas de la muerte\u00bb. Hechos que nos mueven al seguimiento period\u00edstico  y que tuvimos que revisar a manera de <a href=\"https:\/\/lapostpandemia.com\/index.php\/category\/fact-checking\/\">Fact checking<\/a> pare verificar cu\u00e1ntos de los pron\u00f3sticos hechos en pandemia se cumplieron, cu\u00e1ntos no se dieron y si hay algunos que como muchas cosas a\u00fan contin\u00faan en punto suspensivo. <\/p>\n\n\n\n<p><a href=\"http:\/\/lapostpandemia.com\/index.php\/2020\/10\/28\/gozar-en-pandemia\/\">Lee tambi\u00e9n: Gozar en pandemia<\/a><\/p>\n\n\n\n<figure class=\"wp-block-video\"><video controls poster=\"\" src=\"http:\/\/lapostpandemia.com\/wp-content\/uploads\/2020\/08\/PROMOCION-1-MIN.mp4\"><\/video><figcaption>DEMO DE \u00abDI\u00c1LOGOS POST PAND\u00c9MICOS\u00bb<\/figcaption><\/figure>\n","protected":false},"excerpt":{"rendered":"<p>Durante casi dos a\u00f1os, y desde nuestros confinamientos, todos gestamos un nuevo mundo. Quiz\u00e1s el fen\u00f3meno tambi\u00e9n creo un clima de esperanza en torno a una \u00abnueva normalidad\u00bb. Sin embargo, la realidad super\u00f3 a cualquier pel\u00edcula dist\u00f3pica. El mundo se nos convirti\u00f3 en una serie de espacios cerrados y mascarillas, infundidos por el miedo a [&hellip;]<\/p>\n","protected":false},"author":8,"featured_media":302,"comment_status":"open","ping_status":"open","sticky":true,"template":"","format":"standard","meta":[],"categories":[19],"tags":[10,11,4,18],"_links":{"self":[{"href":"https:\/\/lapostpandemia.com\/index.php\/wp-json\/wp\/v2\/posts\/56"}],"collection":[{"href":"https:\/\/lapostpandemia.com\/index.php\/wp-json\/wp\/v2\/posts"}],"about":[{"href":"https:\/\/lapostpandemia.com\/index.php\/wp-json\/wp\/v2\/types\/post"}],"author":[{"embeddable":true,"href":"https:\/\/lapostpandemia.com\/index.php\/wp-json\/wp\/v2\/users\/8"}],"replies":[{"embeddable":true,"href":"https:\/\/lapostpandemia.com\/index.php\/wp-json\/wp\/v2\/comments?post=56"}],"version-history":[{"count":19,"href":"https:\/\/lapostpandemia.com\/index.php\/wp-json\/wp\/v2\/posts\/56\/revisions"}],"predecessor-version":[{"id":993,"href":"https:\/\/lapostpandemia.com\/index.php\/wp-json\/wp\/v2\/posts\/56\/revisions\/993"}],"wp:featuredmedia":[{"embeddable":true,"href":"https:\/\/lapostpandemia.com\/index.php\/wp-json\/wp\/v2\/media\/302"}],"wp:attachment":[{"href":"https:\/\/lapostpandemia.com\/index.php\/wp-json\/wp\/v2\/media?parent=56"}],"wp:term":[{"taxonomy":"category","embeddable":true,"href":"https:\/\/lapostpandemia.com\/index.php\/wp-json\/wp\/v2\/categories?post=56"},{"taxonomy":"post_tag","embeddable":true,"href":"https:\/\/lapostpandemia.com\/index.php\/wp-json\/wp\/v2\/tags?post=56"}],"curies":[{"name":"wp","href":"https:\/\/api.w.org\/{rel}","templated":true}]}}