{"id":615,"date":"2021-12-09T12:52:36","date_gmt":"2021-12-09T16:52:36","guid":{"rendered":"http:\/\/lapostpandemia.com\/?p=615"},"modified":"2022-05-10T17:23:08","modified_gmt":"2022-05-10T21:23:08","slug":"la-biodiversidad-del-suelo-una-solucion-natural-a-muchos-retos-de-humanidad","status":"publish","type":"post","link":"https:\/\/lapostpandemia.com\/index.php\/2021\/12\/09\/la-biodiversidad-del-suelo-una-solucion-natural-a-muchos-retos-de-humanidad\/","title":{"rendered":"La biodiversidad del suelo, una soluci\u00f3n natural a muchos retos de la Humanidad"},"content":{"rendered":"\n<figure class=\"wp-block-embed-youtube wp-block-embed is-type-video is-provider-youtube wp-embed-aspect-16-9 wp-has-aspect-ratio\"><div class=\"wp-block-embed__wrapper\">\n<iframe title=\"Esther Sanchez Botero ||| Volver a las comidas propias\" width=\"696\" height=\"392\" src=\"https:\/\/www.youtube.com\/embed\/VQHr5WC7t5k?feature=oembed&#038;enablejsapi=1\" frameborder=\"0\" allow=\"accelerometer; autoplay; clipboard-write; encrypted-media; gyroscope; picture-in-picture\" allowfullscreen><\/iframe>\n<\/div><\/figure>\n\n\n\n<p>Roma.- La biodiversidad del suelo puede ser una soluci\u00f3n natural a muchos de los retos que afronta la Humanidad, desde la producci\u00f3n de alimentos hasta el almacenamiento del agua, pasando por la fijaci\u00f3n del carbono o la obtenci\u00f3n de medicinas, se\u00f1al\u00f3 la Organizaci\u00f3n de la ONU para la Alimentaci\u00f3n y la Agricultura (FAO).<\/p>\n\n\n\n<p>\u00abSiempre ha sido un tema m\u00e1s acad\u00e9mico y de investigaci\u00f3n, no algo utilizado de forma pr\u00e1ctica\u00bb pero \u00abla biodiversidad del suelo puede ser la alternativa para solucionar muchos problemas actualmente\u00bb porque influye en la agricultura y la alimentaci\u00f3n, la elaboraci\u00f3n de medicamentos o la recuperaci\u00f3n de ecosistemas, dijo a Efe <strong>Ronald Vargas, secretario general de la Alianza Mundial por el Suelo (AMS)<\/strong>.<\/p>\n\n\n\n<figure class=\"wp-block-image size-large\"><img loading=\"lazy\" width=\"900\" height=\"675\" src=\"http:\/\/lapostpandemia.com\/wp-content\/uploads\/2020\/12\/8012862222001w.jpg\" alt=\"\" class=\"wp-image-617\" srcset=\"https:\/\/lapostpandemia.com\/wp-content\/uploads\/2020\/12\/8012862222001w.jpg 900w, https:\/\/lapostpandemia.com\/wp-content\/uploads\/2020\/12\/8012862222001w-300x225.jpg 300w, https:\/\/lapostpandemia.com\/wp-content\/uploads\/2020\/12\/8012862222001w-768x576.jpg 768w, https:\/\/lapostpandemia.com\/wp-content\/uploads\/2020\/12\/8012862222001w-696x522.jpg 696w, https:\/\/lapostpandemia.com\/wp-content\/uploads\/2020\/12\/8012862222001w-560x420.jpg 560w, https:\/\/lapostpandemia.com\/wp-content\/uploads\/2020\/12\/8012862222001w-80x60.jpg 80w, https:\/\/lapostpandemia.com\/wp-content\/uploads\/2020\/12\/8012862222001w-160x120.jpg 160w, https:\/\/lapostpandemia.com\/wp-content\/uploads\/2020\/12\/8012862222001w-265x198.jpg 265w\" sizes=\"(max-width: 900px) 100vw, 900px\" \/><figcaption>Vista de un campo de calabazas en Sal\u00e9 (Marruecos). El sector agr\u00edcola espa\u00f1ol ha tenido siempre a Marruecos como uno de sus m\u00e1s fieros competidores en Europa, pero en los \u00faltimos a\u00f1os cada vez son m\u00e1s los empresarios espa\u00f1oles del sector que se instalan en el pa\u00eds magreb\u00ed aprovech\u00e1ndose de un suelo y una mano de obra m\u00e1s baratos. EFE\/Javier Otazu<\/figcaption><\/figure>\n\n\n\n<p>Por ello, el bienestar de las sociedades humanas depende en gran medida de la biodiversidad y los servicios a los ecosistemas que esta proporciona, se\u00f1ala el informe \u00abEstado del conocimiento de la biodiversidad del suelo\u00bb, publicado hoy con ocasi\u00f3n del D\u00eda Mundial del Suelo.<\/p>\n\n\n\n<h4><strong>La biodiversidad del suelo al servicio de la alimentaci\u00f3n<\/strong><\/h4>\n\n\n\n<p>\u00abDependemos del suelo para producir los alimentos, y hoy m\u00e1s que nunca hay mucha presi\u00f3n para que produzcamos alimentos que tengan todos los nutrientes y sean inocuos (libres de contaminantes y pat\u00f3genos), y ah\u00ed la biodiversidad del suelo juega un papel fundamental, porque nos ayuda en el control de plagas y enfermedades\u00bb, cont\u00f3 el experto.<\/p>\n\n\n\n<p>El informe recoge algunas de las actividades que han contribuido a la degradaci\u00f3n y contaminaci\u00f3n de los ecosistemas del suelo, entre ellas la labranza con maquinaria o los monocultivos.<\/p>\n\n\n\n<figure class=\"wp-block-image size-large\"><img loading=\"lazy\" width=\"1024\" height=\"605\" src=\"http:\/\/lapostpandemia.com\/wp-content\/uploads\/2020\/12\/6a146cf2b127918c249498c1186ad7ff8c9e6e48-1024x605.jpg\" alt=\"\" class=\"wp-image-618\" srcset=\"https:\/\/lapostpandemia.com\/wp-content\/uploads\/2020\/12\/6a146cf2b127918c249498c1186ad7ff8c9e6e48-1024x605.jpg 1024w, https:\/\/lapostpandemia.com\/wp-content\/uploads\/2020\/12\/6a146cf2b127918c249498c1186ad7ff8c9e6e48-300x177.jpg 300w, https:\/\/lapostpandemia.com\/wp-content\/uploads\/2020\/12\/6a146cf2b127918c249498c1186ad7ff8c9e6e48-768x454.jpg 768w, https:\/\/lapostpandemia.com\/wp-content\/uploads\/2020\/12\/6a146cf2b127918c249498c1186ad7ff8c9e6e48-696x411.jpg 696w, https:\/\/lapostpandemia.com\/wp-content\/uploads\/2020\/12\/6a146cf2b127918c249498c1186ad7ff8c9e6e48-1068x631.jpg 1068w, https:\/\/lapostpandemia.com\/wp-content\/uploads\/2020\/12\/6a146cf2b127918c249498c1186ad7ff8c9e6e48-711x420.jpg 711w, https:\/\/lapostpandemia.com\/wp-content\/uploads\/2020\/12\/6a146cf2b127918c249498c1186ad7ff8c9e6e48.jpg 1200w\" sizes=\"(max-width: 1024px) 100vw, 1024px\" \/><figcaption>Unos panes reci\u00e9n horneados salen de un horno en una panificadora gestionada por el estado sirio en Damasco el 8 de diciembre. El ministro sirio de Agricultura, Mohamed Hasan Qatana, invita a todos a los ciudadanos a que cultiven trigo hasta en su propia casa para que cada familia tenga su seguridad alimentaria y aliviar el peso sobre las importaciones ante el \u00abproblema\u00bb de la escasez de pan en el pa\u00eds, afirma en una entrevista a Efe. EFE\/ Youssef Badawi<\/figcaption><\/figure>\n\n\n\n<blockquote class=\"wp-block-quote\"><p>\u00abyo dir\u00eda que hay una tendencia en la sociedad para comer bajo condiciones de productos sanos y hechos en condiciones adecuadas\u00bb<\/p><cite>Esther S\u00e1nchez Botero, Atrop\u00f3logo<\/cite><\/blockquote>\n\n\n\n<p>Contra este deterioro, se promueve no solo el paso a cultivos rotatorios o evitar la labranza, sino un aprovechamiento de los propios organismos de los suelos para fertilizarlos, evitando la creaci\u00f3n de fertilizante sint\u00e9tico cuya producci\u00f3n es, adem\u00e1s, contaminante.<\/p>\n\n\n\n<h4><strong>Beneficios para la salud<\/strong><\/h4>\n\n\n\n<figure class=\"wp-block-image size-large\"><img loading=\"lazy\" width=\"1024\" height=\"683\" src=\"http:\/\/lapostpandemia.com\/wp-content\/uploads\/2020\/12\/Retrato-ESB-1024x683.png\" alt=\"\" class=\"wp-image-619\" srcset=\"https:\/\/lapostpandemia.com\/wp-content\/uploads\/2020\/12\/Retrato-ESB-1024x683.png 1024w, https:\/\/lapostpandemia.com\/wp-content\/uploads\/2020\/12\/Retrato-ESB-300x200.png 300w, https:\/\/lapostpandemia.com\/wp-content\/uploads\/2020\/12\/Retrato-ESB-768x512.png 768w, https:\/\/lapostpandemia.com\/wp-content\/uploads\/2020\/12\/Retrato-ESB-1536x1024.png 1536w, https:\/\/lapostpandemia.com\/wp-content\/uploads\/2020\/12\/Retrato-ESB-2048x1366.png 2048w, https:\/\/lapostpandemia.com\/wp-content\/uploads\/2020\/12\/Retrato-ESB-696x464.png 696w, https:\/\/lapostpandemia.com\/wp-content\/uploads\/2020\/12\/Retrato-ESB-1068x712.png 1068w, https:\/\/lapostpandemia.com\/wp-content\/uploads\/2020\/12\/Retrato-ESB-1920x1281.png 1920w, https:\/\/lapostpandemia.com\/wp-content\/uploads\/2020\/12\/Retrato-ESB-630x420.png 630w, https:\/\/lapostpandemia.com\/wp-content\/uploads\/2020\/12\/Retrato-ESB-1259x840.png 1259w\" sizes=\"(max-width: 1024px) 100vw, 1024px\" \/><figcaption>Esther S\u00e1nchez Botero es Antrop\u00f3logo y doctora de la Facultad de Derecho de la Universidad de \u00c1msterdam, Holanda. Es experta en alimentaci\u00f3n y Doctora en antropolog\u00eda jur\u00eddica. Foto cortes\u00eda: Fundaci\u00f3n BAT Colombia\/Archivo personal. <\/figcaption><\/figure>\n\n\n\n<p>Para la experta en gastronom\u00eda y alimentaci\u00f3n, la antrop\u00f3logo colombiana Esther S\u00e1nchez Botero, existe una tendencia en la sociedad para comer bajo condiciones sanas y adecuadas. \u00abPor lo tanto, dir\u00eda que s\u00ed es necesario encontrar en la fuerza campesina la posibilidad de producir alimentos m\u00e1s org\u00e1nicos y de distribuirlos m\u00e1s masivamente entre nosotros a costos accesibles\u00bb, concluye desde Bogot\u00e1.<\/p>\n\n\n\n<p><strong>En entrevista con Di\u00e1logos Post-Pand\u00e9micos<\/strong>, la ex asesora del Ministerio de Cultura, sostiene que <a href=\"http:\/\/lapostpandemia.com\/index.php\/2020\/12\/03\/hasta-los-solteros-empezaron-a-lavar-sus-verduras\/\" target=\"_blank\" rel=\"noreferrer noopener\">la gente desea la cocina cotidiana<\/a>.<\/p>\n\n\n\n<p><strong>Mar\u00eda Isabel P\u00e1rraga (MIP): Muchos de estos peque\u00f1os sitios donde se preparaba comida se han reinventado y est\u00e1n preparando comidas para\u00a0 llevar, al estilo delivery. \u00bfUsted cree que esto puede quedar como tendencia?<\/strong><\/p>\n\n\n\n<p>Esther S\u00e1nchez Botero (ESB): Yo pienso que vamos a encontrar algo de eso pero creo que tambi\u00e9n es una situaci\u00f3n muy en \u00e9poca de pandemia, muy en modo pandemia, porque la gente tampoco resiste pedir varias veces a la semana un alimento por distintas razones, entonces van a tener que volver a hacer ajustes que espero y que percibo que sean los de volver a las comidas propias y t\u00e9cnicas como los congelados.&nbsp;&nbsp;<\/p>\n\n\n\n<p>Desde la secretar\u00eda general de la AMS, a\u00f1aden que \u00aben nuestro cuerpo tambi\u00e9n tenemos microorganismos y es importante ver su relaci\u00f3n con los que existen en el suelo a trav\u00e9s de la ingesta de alimentos\u00bb ya que tienen una conexi\u00f3n directa, apunta Vargas.<\/p>\n\n\n\n<p>La actividad de los suelos puede tener efectos, por ejemplo, en los antioxidantes de algunos alimentos, que estimulan despu\u00e9s el sistema inmune y asisten a la regulaci\u00f3n de hormonas.<\/p>\n\n\n\n<blockquote class=\"wp-block-quote\"><p>\u00abColombia tiene la capacidad de producir esos alimentos para nuestro propio consumo\u00bb<\/p><cite>Esther S\u00e1nchez Botero, antrop\u00f3loga<\/cite><\/blockquote>\n\n\n\n<p><strong>MIP: Muchos hablan de retomar la cultura del retail, de retomar aquello del kil\u00f3metro 0. Muchos hablan  de consumir lo que se produce cerca. \u00bfEsther S\u00e1nchez Botero cree que esta ser\u00e1 la v\u00eda?<\/strong><\/p>\n\n\n\n<p>Nuestros pa\u00edses est\u00e1n seriamente examinando el tema del extractivismo y est\u00e1n encamin\u00e1ndose a ver un problema que ve\u00edamos hace muchos a\u00f1os, es que pa\u00edses peque\u00f1os c\u00f3mo Jap\u00f3n que no tienen tierra, pa\u00edses peque\u00f1os que no tienen agua ni tierra para cultivar, y donde la producci\u00f3n de alimentos es fundamental. Entonces tenemos la esperanza de que quienes toman decisiones puedan mirar al campo como una oportunidad realmente valiosa. Colombia importa trigo de Canad\u00e1, de Estados Unidos, aguacates de Chile y Colombia tiene la capacidad de producir esos alimentos para nuestro propio consumo. Entonces hay que fortalecer esa pol\u00edtica agraria para que tengamos comida cerca producida por nosotros.<\/p>\n\n\n\n<p><strong>La calidad del suelo garantiza tambi\u00e9n la diversidad de sus organismos<\/strong>, \u00fatiles para elaborar vacunas y medicinas. Es por esto que el informe de las FAO sobre el suelo resalta lo necesaria que es su biodiversidad en una \u00e9poca en la que las resistencias a los medicamentos son una de las amenazas m\u00e1s preocupantes de cara al futuro.<\/p>\n\n\n\n<p>Unas resistencias que llegan al propio suelo a trav\u00e9s de los antibi\u00f3ticos que se utilizan en la ganader\u00eda y agricultura, y que pueden afectar a los organismos que lo habitan.<\/p>\n\n\n\n<p><strong>En la lucha contra el cambio clim\u00e1tico<\/strong><\/p>\n\n\n\n<figure class=\"wp-block-image size-large\"><img loading=\"lazy\" width=\"1024\" height=\"737\" src=\"http:\/\/lapostpandemia.com\/wp-content\/uploads\/2020\/12\/55004914795_3-3-1024x737.jpg\" alt=\"\" class=\"wp-image-633\" srcset=\"https:\/\/lapostpandemia.com\/wp-content\/uploads\/2020\/12\/55004914795_3-3-1024x737.jpg 1024w, https:\/\/lapostpandemia.com\/wp-content\/uploads\/2020\/12\/55004914795_3-3-300x216.jpg 300w, https:\/\/lapostpandemia.com\/wp-content\/uploads\/2020\/12\/55004914795_3-3-768x553.jpg 768w, https:\/\/lapostpandemia.com\/wp-content\/uploads\/2020\/12\/55004914795_3-3-1536x1105.jpg 1536w, https:\/\/lapostpandemia.com\/wp-content\/uploads\/2020\/12\/55004914795_3-3-2048x1473.jpg 2048w, https:\/\/lapostpandemia.com\/wp-content\/uploads\/2020\/12\/55004914795_3-3-696x501.jpg 696w, https:\/\/lapostpandemia.com\/wp-content\/uploads\/2020\/12\/55004914795_3-3-1068x768.jpg 1068w, https:\/\/lapostpandemia.com\/wp-content\/uploads\/2020\/12\/55004914795_3-3-1920x1381.jpg 1920w, https:\/\/lapostpandemia.com\/wp-content\/uploads\/2020\/12\/55004914795_3-3-584x420.jpg 584w, https:\/\/lapostpandemia.com\/wp-content\/uploads\/2020\/12\/55004914795_3-3-1168x840.jpg 1168w\" sizes=\"(max-width: 1024px) 100vw, 1024px\" \/><figcaption>Investigadores estadounidenses desarrollan una miel tan deliciosa y asequible como la tradicional pero m\u00e1s sostenible para el medio ambiente, porque no requiere del trabajo de las abejas mel\u00edferas de la apicultura comercial, que quitan la comida a las abejas silvestres, ya en grave riesgo por los productos qu\u00edmicos y la p\u00e9rdida de h\u00e1bitats. EFE\/J. J. Guill\u00e9n <\/figcaption><\/figure>\n\n\n\n<p>Los ecosistemas producen cerca del 12 % de las emisiones mundiales de gases efecto invernadero, y entre ellos los suelos generan hasta un 38 % de ellas. Por ello, su aprovechamiento puede hacer de los organismos que lo habitan potenciales aliados o enemigos en la lucha contra el cambio clim\u00e1tico.<\/p>\n\n\n\n<p>Un aprovechamiento sostenible, sin embargo, permitir\u00eda aumentar el nivel de carbono de los suelos, lo que supondr\u00e1 una mejora de su salud, un aumento del rendimiento de los cultivos o una mayor capacidad de infiltraci\u00f3n del agua.<\/p>\n\n\n\n<p><\/p>\n\n\n\n<p><strong>\u00abBiorremediaci\u00f3n\u00bb de ecosistemas<\/strong><\/p>\n\n\n\n<p>La restauraci\u00f3n de ecosistemas es una tarea necesaria en la actualidad, insiste el experto de la Alianza Mundial por el Suelo, pero \u00abno solo se trata de reforestar, hay que usar la biodiversidad del suelo porque nos puede ayudar mucho m\u00e1s\u00bb.<\/p>\n\n\n\n<p>Seg\u00fan el informe, un ejemplo de esto ser\u00eda el de las bacterias y hongos del suelo, que pueden llegar a eliminar los hidrocarburos del petr\u00f3leo presentes a causa de un vertido en hasta un 85 %.<\/p>\n\n\n\n<p>Esto es lo que se denomina \u00abbiorremediaci\u00f3n\u00bb, a trav\u00e9s de la cual dichos organismos pueden transformar sustancias t\u00f3xicas presentes en el suelo en formas benignas.<\/p>\n\n\n\n<figure class=\"wp-block-embed-youtube wp-block-embed is-type-video is-provider-youtube wp-embed-aspect-16-9 wp-has-aspect-ratio\"><div class=\"wp-block-embed__wrapper\">\n<iframe title=\"Conmemoraci\u00f3n D\u00eda Mundial del Suelo\" width=\"696\" height=\"392\" src=\"https:\/\/www.youtube.com\/embed\/Ptf-MgQVUmU?feature=oembed&#038;enablejsapi=1\" frameborder=\"0\" allow=\"accelerometer; autoplay; clipboard-write; encrypted-media; gyroscope; picture-in-picture\" allowfullscreen><\/iframe>\n<\/div><\/figure>\n\n\n\n<p>Seg\u00fan el informe, el aprovechamiento de los organismos de los suelos en todos estos \u00e1mbitos es todav\u00eda problem\u00e1tico cuando se pone en pr\u00e1ctica fuera del laboratorio y, adem\u00e1s, el acceso a estas t\u00e9cnicas agropecuarias modernas a\u00fan es demasiado costoso para la gran mayor\u00eda de agricultores.<\/p>\n\n\n\n<p>Por esto, se insiste en la necesidad de una colaboraci\u00f3n internacional que lleve estas t\u00e9cnicas a la gran escala. M\u00e1s a\u00fan en el marco de la \u00abD\u00e9cada de las Naciones Unidas para la Restauraci\u00f3n de los Ecosistemas\u00bb, que comenzar\u00e1 el pr\u00f3ximo a\u00f1o. <\/p>\n\n\n\n<figure class=\"wp-block-image size-large\"><img loading=\"lazy\" width=\"1024\" height=\"683\" src=\"http:\/\/lapostpandemia.com\/wp-content\/uploads\/2020\/12\/8012820697001-1024x683.jpg\" alt=\"\" class=\"wp-image-635\" srcset=\"https:\/\/lapostpandemia.com\/wp-content\/uploads\/2020\/12\/8012820697001-1024x683.jpg 1024w, https:\/\/lapostpandemia.com\/wp-content\/uploads\/2020\/12\/8012820697001-300x200.jpg 300w, https:\/\/lapostpandemia.com\/wp-content\/uploads\/2020\/12\/8012820697001-768x512.jpg 768w, https:\/\/lapostpandemia.com\/wp-content\/uploads\/2020\/12\/8012820697001-1536x1024.jpg 1536w, https:\/\/lapostpandemia.com\/wp-content\/uploads\/2020\/12\/8012820697001-2048x1365.jpg 2048w, https:\/\/lapostpandemia.com\/wp-content\/uploads\/2020\/12\/8012820697001-696x464.jpg 696w, https:\/\/lapostpandemia.com\/wp-content\/uploads\/2020\/12\/8012820697001-1068x712.jpg 1068w, https:\/\/lapostpandemia.com\/wp-content\/uploads\/2020\/12\/8012820697001-1920x1280.jpg 1920w, https:\/\/lapostpandemia.com\/wp-content\/uploads\/2020\/12\/8012820697001-630x420.jpg 630w, https:\/\/lapostpandemia.com\/wp-content\/uploads\/2020\/12\/8012820697001-1260x840.jpg 1260w\" sizes=\"(max-width: 1024px) 100vw, 1024px\" \/><figcaption>Fotograf\u00eda galardonada con el primer premio de agricultura, obra de Mar\u00eda Catalina Mar\u00ed y titulada \u00abI per molts anys\u00bb. La Conselleria de Agricultura Pesca y Alimentaci\u00f3n (Valencia, Espa\u00f1a) ha entregado los premios la primera edici\u00f3n del Certamen de fotograf\u00eda \u00abDe la mar a la Terra, Mirades entre dones\u00bb con motivo de la Celebraci\u00f3n del D\u00eda Internacional de la Mujer Rural <em>2020<\/em>. EFE\/CATI CLADERA<\/figcaption><\/figure>\n\n\n\n<p><strong>MIP:<\/strong> <strong>\u00bfY esto no podr\u00eda generar un mirar hacia adentro y dejar de lado lo bueno que puede tener la globalizaci\u00f3n?<\/strong><\/p>\n\n\n\n<p>ESB: Depende de quien maneje esas decisiones y hasta donde la sociedad civil participa para empujar hacia cambios favorables. Podr\u00edamos pensar que Colombia produce muchos m\u00e1s alimento; o que Venezuela, Chile y otros pa\u00edses del mundo, por decir algo, produzcan m\u00e1s tecnolog\u00eda. Si las condiciones son diferentes y hay potencialidades valiosas en cada uno, pues hagamos intercambios sobre lo mejor que podamos ofrecer para nosotros mismos y para otros.<\/p>\n\n\n\n<p><em>Con informaci\u00f3n de EFE<\/em><\/p>\n","protected":false},"excerpt":{"rendered":"<p>La biodiversidad del suelo puede ser una soluci\u00f3n natural a muchos de los retos que afronta la Humanidad, desde la producci\u00f3n de alimentos hasta el almacenamiento del agua, pasando por la fijaci\u00f3n del carbono o la obtenci\u00f3n de medicinas, se\u00f1al\u00f3 la Organizaci\u00f3n de la ONU para la Alimentaci\u00f3n y la Agricultura<\/p>\n","protected":false},"author":9,"featured_media":635,"comment_status":"open","ping_status":"open","sticky":false,"template":"","format":"standard","meta":[],"categories":[6,20],"tags":[9,57,55,23,56],"_links":{"self":[{"href":"https:\/\/lapostpandemia.com\/index.php\/wp-json\/wp\/v2\/posts\/615"}],"collection":[{"href":"https:\/\/lapostpandemia.com\/index.php\/wp-json\/wp\/v2\/posts"}],"about":[{"href":"https:\/\/lapostpandemia.com\/index.php\/wp-json\/wp\/v2\/types\/post"}],"author":[{"embeddable":true,"href":"https:\/\/lapostpandemia.com\/index.php\/wp-json\/wp\/v2\/users\/9"}],"replies":[{"embeddable":true,"href":"https:\/\/lapostpandemia.com\/index.php\/wp-json\/wp\/v2\/comments?post=615"}],"version-history":[{"count":20,"href":"https:\/\/lapostpandemia.com\/index.php\/wp-json\/wp\/v2\/posts\/615\/revisions"}],"predecessor-version":[{"id":658,"href":"https:\/\/lapostpandemia.com\/index.php\/wp-json\/wp\/v2\/posts\/615\/revisions\/658"}],"wp:featuredmedia":[{"embeddable":true,"href":"https:\/\/lapostpandemia.com\/index.php\/wp-json\/wp\/v2\/media\/635"}],"wp:attachment":[{"href":"https:\/\/lapostpandemia.com\/index.php\/wp-json\/wp\/v2\/media?parent=615"}],"wp:term":[{"taxonomy":"category","embeddable":true,"href":"https:\/\/lapostpandemia.com\/index.php\/wp-json\/wp\/v2\/categories?post=615"},{"taxonomy":"post_tag","embeddable":true,"href":"https:\/\/lapostpandemia.com\/index.php\/wp-json\/wp\/v2\/tags?post=615"}],"curies":[{"name":"wp","href":"https:\/\/api.w.org\/{rel}","templated":true}]}}