{"id":963,"date":"2022-05-30T18:02:55","date_gmt":"2022-05-30T22:02:55","guid":{"rendered":"http:\/\/lapostpandemia.com\/?p=963"},"modified":"2022-05-30T18:21:18","modified_gmt":"2022-05-30T22:21:18","slug":"postpandemicos-tv-el-trabajo-que-el-virus-nos-dio-y-tambien-nos-quito","status":"publish","type":"post","link":"https:\/\/lapostpandemia.com\/index.php\/2022\/05\/30\/postpandemicos-tv-el-trabajo-que-el-virus-nos-dio-y-tambien-nos-quito\/","title":{"rendered":"Post pand\u00e9micos TV: El trabajo que el virus nos dio y tambi\u00e9n nos quit\u00f3"},"content":{"rendered":"\n<figure class=\"wp-block-embed is-type-video is-provider-youtube wp-block-embed-youtube wp-embed-aspect-16-9 wp-has-aspect-ratio\"><div class=\"wp-block-embed__wrapper\">\n<iframe title=\"DI\u00c1LOGOS POST PAND\u00c9MICOS. EL TRABAJO QUE EL VIRUS NOS DI\u00d3 Y TAMBI\u00c9N NOS QUIT\u00d3.\" width=\"696\" height=\"392\" src=\"https:\/\/www.youtube.com\/embed\/ALv3gmONNJ4?feature=oembed\" frameborder=\"0\" allow=\"accelerometer; autoplay; clipboard-write; encrypted-media; gyroscope; picture-in-picture\" allowfullscreen><\/iframe>\n<\/div><\/figure>\n\n\n\n<p>\u00bfC\u00f3mo cambi\u00f3 la pandemia el mundo del trabajo? En primera instancia aument\u00f3 el desempleo, pero tambi\u00e9n se increment\u00f3 una corriente que ya ven\u00eda desarroll\u00e1ndose: el trabajo remoto. En este reportaje-documental el periodista y humorista \u00abel profe Brice\u00f1o\u00bb y Maria Isabel P\u00e1rraga nos explican el impacto pand\u00e9mico sobre la actividad vital para el ser humano.<\/p>\n","protected":false},"excerpt":{"rendered":"<p>\u00bfC\u00f3mo cambi\u00f3 la pandemia el mundo del trabajo? En primera instancia aument\u00f3 el desempleo, pero tambi\u00e9n se increment\u00f3 una corriente que ya ven\u00eda desarroll\u00e1ndose: el trabajo remoto. En este reportaje-documental el periodista y humorista \u00abel profe Brice\u00f1o\u00bb y Maria Isabel P\u00e1rraga nos explican el impacto pand\u00e9mico sobre la actividad vital para el ser humano.<\/p>\n","protected":false},"author":8,"featured_media":961,"comment_status":"open","ping_status":"open","sticky":false,"template":"","format":"video","meta":[],"categories":[108],"tags":[10,43,114,21,113,112,80],"_links":{"self":[{"href":"https:\/\/lapostpandemia.com\/index.php\/wp-json\/wp\/v2\/posts\/963"}],"collection":[{"href":"https:\/\/lapostpandemia.com\/index.php\/wp-json\/wp\/v2\/posts"}],"about":[{"href":"https:\/\/lapostpandemia.com\/index.php\/wp-json\/wp\/v2\/types\/post"}],"author":[{"embeddable":true,"href":"https:\/\/lapostpandemia.com\/index.php\/wp-json\/wp\/v2\/users\/8"}],"replies":[{"embeddable":true,"href":"https:\/\/lapostpandemia.com\/index.php\/wp-json\/wp\/v2\/comments?post=963"}],"version-history":[{"count":2,"href":"https:\/\/lapostpandemia.com\/index.php\/wp-json\/wp\/v2\/posts\/963\/revisions"}],"predecessor-version":[{"id":970,"href":"https:\/\/lapostpandemia.com\/index.php\/wp-json\/wp\/v2\/posts\/963\/revisions\/970"}],"wp:featuredmedia":[{"embeddable":true,"href":"https:\/\/lapostpandemia.com\/index.php\/wp-json\/wp\/v2\/media\/961"}],"wp:attachment":[{"href":"https:\/\/lapostpandemia.com\/index.php\/wp-json\/wp\/v2\/media?parent=963"}],"wp:term":[{"taxonomy":"category","embeddable":true,"href":"https:\/\/lapostpandemia.com\/index.php\/wp-json\/wp\/v2\/categories?post=963"},{"taxonomy":"post_tag","embeddable":true,"href":"https:\/\/lapostpandemia.com\/index.php\/wp-json\/wp\/v2\/tags?post=963"}],"curies":[{"name":"wp","href":"https:\/\/api.w.org\/{rel}","templated":true}]}}